{"id":2107,"date":"2025-01-30T19:26:59","date_gmt":"2025-01-30T19:26:59","guid":{"rendered":"https:\/\/kvarner.wine\/?p=2107"},"modified":"2025-02-18T12:21:34","modified_gmt":"2025-02-18T12:21:34","slug":"vertikala-zlahtina-hlam-9-vinarije-sipun-predstavljena-strucnoj-javnosti","status":"publish","type":"post","link":"https:\/\/kvarner.wine\/en\/vertikala-zlahtina-hlam-9-vinarije-sipun-predstavljena-strucnoj-javnosti\/","title":{"rendered":"Vertical \u017elahtina Hlam 9 Winery \u0160ipun presented to the professional public"},"content":{"rendered":"<div class=\"wp-block-stackable-image stk-block-image has-text-align-center stk-block stk-b4befb6\" data-block-id=\"b4befb6\"><style>.stk-b4befb6 {max-width:960px !important;min-width:auto !important;margin-right:auto !important;margin-bottom:33px !important;margin-left:auto !important;}.stk-b4befb6 .stk-img-wrapper{aspect-ratio:2\/1 !important;height:auto !important;}.stk-b4befb6 .stk-img-wrapper img{object-position:54% 77% !important;}@media screen and (max-width: 1023px){.stk-b4befb6 .stk-img-wrapper{height:auto !important;}}@media screen and (max-width: 767px){.stk-b4befb6 .stk-img-wrapper{height:auto !important;}}<\/style><figure><a class=\"stk-link\" href=\"\/wp-content\/uploads\/2025\/01\/IMG_0023.webp\"><span class=\"stk-img-wrapper stk-image--shape-stretch\"><img loading=\"lazy\" decoding=\"async\" class=\"stk-img wp-image-2109\" src=\"https:\/\/kvarner.wine\/wp-content\/uploads\/2025\/01\/DSC03683-Enhanced-NR-1024x683.webp\" width=\"1024\" height=\"683\" srcset=\"https:\/\/kvarner.wine\/wp-content\/uploads\/2025\/01\/DSC03683-Enhanced-NR-1024x683.webp 1024w, https:\/\/kvarner.wine\/wp-content\/uploads\/2025\/01\/DSC03683-Enhanced-NR-600x400.webp 600w, https:\/\/kvarner.wine\/wp-content\/uploads\/2025\/01\/DSC03683-Enhanced-NR-768x512.webp 768w, https:\/\/kvarner.wine\/wp-content\/uploads\/2025\/01\/DSC03683-Enhanced-NR-1536x1024.webp 1536w, https:\/\/kvarner.wine\/wp-content\/uploads\/2025\/01\/DSC03683-Enhanced-NR-2048x1365.webp 2048w\" sizes=\"auto, (max-width: 1024px) 100vw, 1024px\" \/><\/span><\/a><\/figure><\/div>\n\n\n\n<p data-block-type=\"core\">The joint wine of winemaker and nurseryman Ivica Dobrin\u010di\u0107 from the Vrbnik-based \u0160ipun Winery and one of the most respected Croatian sommeliers Klaudij Jur\u010di\u0107, \u017dlahtina Hlam 9 vertical vintages 2021, 2022, 2023 and 2024, was presented to the professional public of Kvarner at the Wine&amp;Co wine shop in Rijeka. In addition to the tasting of \u017dlahtina Hlam 9, the Hlam 4 wine was also presented for the first time. Hlam 4 is a blend of Sansigot, Cabernet Sauvignon, Merlot and Petit Verdot, for which the vines were planted in the Hlam vineyard near Vrbnik.<\/p>\n\n\n\n<p data-block-type=\"core\">The \u0160ipun winery is known for its wines made from indigenous grape varieties \u017dlahtina, Troji\u0161\u0107ina and Sansigot, and the winemaker and nurseryman Ivica Dobrin\u010di\u0107, rightly dubbed the Croatian wine Indiana Jones in the media, is a pioneer in the protection of indigenous grape varieties. In addition to the listed wines, the winery also presented the sparkling wine made from \u017dlahtina Mali\u010di\u0107, which this year was voted the best sparkling wine in Croatia by the public on the wine portal vinskiklubhr, as well as the Sansigot vintages of 2010 and 2022. The 2017 Bordeaux blend Kapitul, which is now being released on the market, is certainly one of the most appreciated red wines in the region.<\/p>\n\n\n\n<p data-block-type=\"core\">\u201cGiven our long-standing friendship and shared vision when it comes to the potential of \u017dlahtina, the joint wine project was inevitable. The collaboration with the charismatic winemaker Ivica Dobrin\u010di\u0107 came about spontaneously and without any burden, we were guided by the idea of making a wine without compromise with an emphasis on terroir. The wine \u201eHLAM 9\u201c also bears the name of the location where the vineyard is located and my lucky number 9. The intention was to make a different \u017dlahtina, to try to develop the \u201eold fashioned\u201c style that it once was. The wine is macerated, fermented with natural yeasts, and after racking it spontaneously clarifies without filtration and without any enological aids. As such, it has a slightly deeper straw color, intense and complex aromatics, an elegant body, and feels soft and juicy in the mouth. The wine is a deeper straw color, with intense fine fruit aromas such as ripe apple, pear and peach intertwined with aromas of Mediterranean herbs and white flowers. &quot;It tastes fresh, has a lighter body, a smooth texture, and is complex, with a pleasant bitterness in the finish. I would recommend this wine with cold and warm appetizers, grilled fish, and white meat,&quot; said Klaudio Jur\u010di\u0107 at the tasting.<\/p>\n\n\n\n<figure class=\"wp-block-gallery has-nested-images columns-4 is-cropped wp-block-gallery-1 is-layout-flex wp-block-gallery-is-layout-flex\" data-block-type=\"core\">\n<figure class=\"wp-block-image size-medium\" data-block-type=\"core\"><a href=\"https:\/\/kvarner.wine\/wp-content\/uploads\/2025\/01\/DSC03636-Enhanced-NR1.webp\"><img loading=\"lazy\" decoding=\"async\" width=\"400\" height=\"600\" data-id=\"2116\" src=\"https:\/\/kvarner.wine\/wp-content\/uploads\/2025\/01\/DSC03636-Enhanced-NR1-400x600.webp\" alt=\"\" class=\"wp-image-2116\" srcset=\"https:\/\/kvarner.wine\/wp-content\/uploads\/2025\/01\/DSC03636-Enhanced-NR1-400x600.webp 400w, https:\/\/kvarner.wine\/wp-content\/uploads\/2025\/01\/DSC03636-Enhanced-NR1-683x1024.webp 683w, https:\/\/kvarner.wine\/wp-content\/uploads\/2025\/01\/DSC03636-Enhanced-NR1-768x1152.webp 768w, https:\/\/kvarner.wine\/wp-content\/uploads\/2025\/01\/DSC03636-Enhanced-NR1-1024x1536.webp 1024w, https:\/\/kvarner.wine\/wp-content\/uploads\/2025\/01\/DSC03636-Enhanced-NR1-1365x2048.webp 1365w, https:\/\/kvarner.wine\/wp-content\/uploads\/2025\/01\/DSC03636-Enhanced-NR1.webp 1600w\" sizes=\"auto, (max-width: 400px) 100vw, 400px\" \/><\/a><\/figure>\n\n\n\n<figure class=\"wp-block-image size-medium\" data-block-type=\"core\"><a href=\"https:\/\/kvarner.wine\/wp-content\/uploads\/2025\/01\/DSC03841-Enhanced-NR.webp\"><img loading=\"lazy\" decoding=\"async\" width=\"400\" height=\"600\" data-id=\"2117\" src=\"https:\/\/kvarner.wine\/wp-content\/uploads\/2025\/01\/DSC03841-Enhanced-NR-400x600.webp\" alt=\"\" class=\"wp-image-2117\" srcset=\"https:\/\/kvarner.wine\/wp-content\/uploads\/2025\/01\/DSC03841-Enhanced-NR-400x600.webp 400w, https:\/\/kvarner.wine\/wp-content\/uploads\/2025\/01\/DSC03841-Enhanced-NR-683x1024.webp 683w, https:\/\/kvarner.wine\/wp-content\/uploads\/2025\/01\/DSC03841-Enhanced-NR-768x1152.webp 768w, https:\/\/kvarner.wine\/wp-content\/uploads\/2025\/01\/DSC03841-Enhanced-NR-1024x1536.webp 1024w, https:\/\/kvarner.wine\/wp-content\/uploads\/2025\/01\/DSC03841-Enhanced-NR-1365x2048.webp 1365w, https:\/\/kvarner.wine\/wp-content\/uploads\/2025\/01\/DSC03841-Enhanced-NR.webp 1600w\" sizes=\"auto, (max-width: 400px) 100vw, 400px\" \/><\/a><\/figure>\n\n\n\n<figure class=\"wp-block-image size-medium\" data-block-type=\"core\"><a href=\"https:\/\/kvarner.wine\/wp-content\/uploads\/2025\/01\/DSC03896-Enhanced-NR.webp\"><img loading=\"lazy\" decoding=\"async\" width=\"400\" height=\"600\" data-id=\"2118\" src=\"https:\/\/kvarner.wine\/wp-content\/uploads\/2025\/01\/DSC03896-Enhanced-NR-400x600.webp\" alt=\"\" class=\"wp-image-2118\" srcset=\"https:\/\/kvarner.wine\/wp-content\/uploads\/2025\/01\/DSC03896-Enhanced-NR-400x600.webp 400w, https:\/\/kvarner.wine\/wp-content\/uploads\/2025\/01\/DSC03896-Enhanced-NR-683x1024.webp 683w, https:\/\/kvarner.wine\/wp-content\/uploads\/2025\/01\/DSC03896-Enhanced-NR-768x1152.webp 768w, https:\/\/kvarner.wine\/wp-content\/uploads\/2025\/01\/DSC03896-Enhanced-NR-1024x1536.webp 1024w, https:\/\/kvarner.wine\/wp-content\/uploads\/2025\/01\/DSC03896-Enhanced-NR-1366x2048.webp 1366w, https:\/\/kvarner.wine\/wp-content\/uploads\/2025\/01\/DSC03896-Enhanced-NR.webp 1582w\" sizes=\"auto, (max-width: 400px) 100vw, 400px\" \/><\/a><\/figure>\n\n\n\n<figure class=\"wp-block-image size-medium\" data-block-type=\"core\"><a href=\"https:\/\/kvarner.wine\/wp-content\/uploads\/2025\/01\/DSC03917-Enhanced-NR.webp\"><img loading=\"lazy\" decoding=\"async\" width=\"400\" height=\"600\" data-id=\"2119\" src=\"https:\/\/kvarner.wine\/wp-content\/uploads\/2025\/01\/DSC03917-Enhanced-NR-400x600.webp\" alt=\"\" class=\"wp-image-2119\" srcset=\"https:\/\/kvarner.wine\/wp-content\/uploads\/2025\/01\/DSC03917-Enhanced-NR-400x600.webp 400w, https:\/\/kvarner.wine\/wp-content\/uploads\/2025\/01\/DSC03917-Enhanced-NR-683x1024.webp 683w, https:\/\/kvarner.wine\/wp-content\/uploads\/2025\/01\/DSC03917-Enhanced-NR-768x1152.webp 768w, https:\/\/kvarner.wine\/wp-content\/uploads\/2025\/01\/DSC03917-Enhanced-NR-1024x1536.webp 1024w, https:\/\/kvarner.wine\/wp-content\/uploads\/2025\/01\/DSC03917-Enhanced-NR-1365x2048.webp 1365w, https:\/\/kvarner.wine\/wp-content\/uploads\/2025\/01\/DSC03917-Enhanced-NR.webp 1600w\" sizes=\"auto, (max-width: 400px) 100vw, 400px\" \/><\/a><\/figure>\n<\/figure>\n\n\n\n<p data-block-type=\"core\">\u201cKapitul is a red wine, a blend of three grape varieties: Cabernet Sauvignon (70 %), Merlot (25 %) and Petit Verdot (5 %). The vineyard is located near Vrbnik, in the Hlam location. The technological processing of this wine is characterized by aging for 2 years in oak barrique barrels and then maturing in bottles for another 2 years. Although the concept of our winery is indigenous grape varieties, we decided to produce a Bordeaux blend from introduced varieties somewhat on a whim. My friends often teased me about producing wines from some local grape varieties, and since these wines were unknown to them, they always told me that I could tell them whatever I wanted and put whatever I wanted in the bottle. That is how Kapitul was created, which they could then compare to any other red blend blend as a known \u201eformula\u201c. Today, the appreciation and awareness of the importance and value of indigenous varieties is much greater, so my friends\u201e thinking has changed. Although our goal is not to increase the amount of grapes of introduced varieties or to introduce such new ones, Kapitul remains as a &quot;test&quot; of the Hlam location and as proof that this area can produce so-called great wines comparable to many others in this category anywhere in the world. The respected wine expert Mr. Sa\u0161a \u0160piranec ranked Kapitul among the three candidates for entry into the class of great Croatian red wines, which we, as a small family winery, are particularly proud of,&quot; emphasized Ivica Dobrin\u010di\u0107.<\/p>\n\n\n\n<p data-block-type=\"core\">If you need additional information about wine, please contact Ivica Dobrin\u010di\u0107 at 091\/5087027 or Klaudij Jur\u010di\u0107 at 091\/1277379.<\/p>\n\n\n\n<p data-block-type=\"core\">For any additional information, feel free to contact us by e-mail <a href=\"mailto:vina.kvarnera@gmail.com\">vina.kvarnera@gmail.com<\/a> or mobile phone +385 91 763 9776.<\/p>\n\n\n\n<p data-block-type=\"core\"><em>Kvarner Wines Media Team<\/em><\/p>\n\n\n\n<div class=\"wp-block-stackable-button-group stk-block-button-group stk-block stk-3c8ee60\" data-block-id=\"3c8ee60\"><style>.stk-3c8ee60 .stk-button-group{flex-direction:row !important;}@media screen and (max-width: 1023px){.stk-3c8ee60 .stk-button-group{flex-direction:row !important;}}@media screen and (max-width: 767px){.stk-3c8ee60 .stk-button-group{flex-direction:row !important;}}<\/style><div class=\"stk-row stk-inner-blocks has-text-align-center stk-block-content stk-button-group\">\n<div class=\"wp-block-stackable-button stk-block-button clip1 stk-block stk-f1abe23\" data-block-id=\"f1abe23\"><style>.stk-f1abe23 .stk-button{padding-top:13px !important;padding-right:30px !important;padding-bottom:13px !important;padding-left:30px !important;background:var(--stk-global-color-75534, #719536) !important;}.stk-f1abe23 .stk-button__inner-text{color:#ffffff !important;}<\/style><a download class=\"stk-link stk-button stk--hover-effect-darken\" href=\"\/press\/kvarnerwines-priopcenje-za-medije-docx_2025-01-30_1752.zip\" target=\"_blank\" rel=\"noreferrer noopener\"><span class=\"has-text-color stk-button__inner-text\">Download images (zip, 201MB)<\/span><\/a><\/div>\n<\/div><\/div>","protected":false},"excerpt":{"rendered":"<p>Zajedni\u010dko vino vinara i rasadni\u010dara Ivice Dobrin\u010di\u0107a iz vrbni\u010dke Vinarije \u0160ipun i jednog od najcjenjenijih hrvatskih sommeliera Klaudija Jur\u010di\u0107a \u017elahtina Hlam 9 vertikala godi\u0161ta 2021., 2022., 2023. i 2024. predstavljena je stru\u010dnoj javnosti Kvarnera u vinoteci Wine&amp;Co u Rijeci. Osim ku\u0161anja \u017elahtine Hlam 9 premjerno je predstavljeno i vino Hlam 4. Hlam 4 predstavlja kupa\u017eu [&hellip;]<\/p>\n","protected":false},"author":1,"featured_media":2109,"comment_status":"open","ping_status":"open","sticky":false,"template":"","format":"standard","meta":{"_acf_changed":false,"iawp_total_views":249,"footnotes":""},"categories":[15,38],"tags":[],"class_list":["post-2107","post","type-post","status-publish","format-standard","has-post-thumbnail","hentry","category-novosti","category-priopcenja"],"acf":[],"_links":{"self":[{"href":"https:\/\/kvarner.wine\/en\/wp-json\/wp\/v2\/posts\/2107","targetHints":{"allow":["GET"]}}],"collection":[{"href":"https:\/\/kvarner.wine\/en\/wp-json\/wp\/v2\/posts"}],"about":[{"href":"https:\/\/kvarner.wine\/en\/wp-json\/wp\/v2\/types\/post"}],"author":[{"embeddable":true,"href":"https:\/\/kvarner.wine\/en\/wp-json\/wp\/v2\/users\/1"}],"replies":[{"embeddable":true,"href":"https:\/\/kvarner.wine\/en\/wp-json\/wp\/v2\/comments?post=2107"}],"version-history":[{"count":4,"href":"https:\/\/kvarner.wine\/en\/wp-json\/wp\/v2\/posts\/2107\/revisions"}],"predecessor-version":[{"id":2123,"href":"https:\/\/kvarner.wine\/en\/wp-json\/wp\/v2\/posts\/2107\/revisions\/2123"}],"wp:featuredmedia":[{"embeddable":true,"href":"https:\/\/kvarner.wine\/en\/wp-json\/wp\/v2\/media\/2109"}],"wp:attachment":[{"href":"https:\/\/kvarner.wine\/en\/wp-json\/wp\/v2\/media?parent=2107"}],"wp:term":[{"taxonomy":"category","embeddable":true,"href":"https:\/\/kvarner.wine\/en\/wp-json\/wp\/v2\/categories?post=2107"},{"taxonomy":"post_tag","embeddable":true,"href":"https:\/\/kvarner.wine\/en\/wp-json\/wp\/v2\/tags?post=2107"}],"curies":[{"name":"wp","href":"https:\/\/api.w.org\/{rel}","templated":true}]}}