{"id":1,"date":"2024-09-03T18:16:00","date_gmt":"2024-09-03T18:16:00","guid":{"rendered":"https:\/\/kvarner.wine\/wp\/?p=1"},"modified":"2024-12-15T17:23:07","modified_gmt":"2024-12-15T17:23:07","slug":"sajam-dana-vina","status":"publish","type":"post","link":"https:\/\/kvarner.wine\/en\/sajam-dana-vina\/","title":{"rendered":"Wine Days Fair"},"content":{"rendered":"<p data-block-type=\"core\">At the Wine Days fair, various exhibitors presented their top-notch products, from local wines and brandies to delicious delicacies and handicrafts. Each stand was a real treat for visitors, who could enjoy unique flavors and products. \ud83c\udf77\ud83c\udf47\ud83c\udf30\ud83c\udf6f<\/p>\n\n\n\n<p data-block-type=\"core\">Check out the gallery and feel some of the atmosphere from this year&#039;s fair. Thank you to everyone who participated and contributed to creating an unforgettable experience!<\/p>","protected":false},"excerpt":{"rendered":"<p>Na sajmu Dana vina predstavili su se razni izlaga\u010di sa svojim vrhunskim proizvodima, od doma\u0107ih vina i rakija do ukusnih delicija i rukotvorina. Svaki \u0161tand bio je prava poslastica za posjetitelje, koji su mogli u\u017eivati u jedinstvenim okusima i proizvodima. \ud83c\udf77\ud83c\udf47\ud83c\udf30\ud83c\udf6f Pogledajte galeriju i osjetite dio atmosfere s ovogodi\u0161njeg sajma. Hvala svima koji su sudjelovali [&hellip;]<\/p>\n","protected":false},"author":1,"featured_media":327,"comment_status":"open","ping_status":"open","sticky":false,"template":"","format":"standard","meta":{"_acf_changed":false,"iawp_total_views":21,"footnotes":""},"categories":[15],"tags":[],"class_list":["post-1","post","type-post","status-publish","format-standard","has-post-thumbnail","hentry","category-novosti"],"acf":[],"_links":{"self":[{"href":"https:\/\/kvarner.wine\/en\/wp-json\/wp\/v2\/posts\/1","targetHints":{"allow":["GET"]}}],"collection":[{"href":"https:\/\/kvarner.wine\/en\/wp-json\/wp\/v2\/posts"}],"about":[{"href":"https:\/\/kvarner.wine\/en\/wp-json\/wp\/v2\/types\/post"}],"author":[{"embeddable":true,"href":"https:\/\/kvarner.wine\/en\/wp-json\/wp\/v2\/users\/1"}],"replies":[{"embeddable":true,"href":"https:\/\/kvarner.wine\/en\/wp-json\/wp\/v2\/comments?post=1"}],"version-history":[{"count":3,"href":"https:\/\/kvarner.wine\/en\/wp-json\/wp\/v2\/posts\/1\/revisions"}],"predecessor-version":[{"id":328,"href":"https:\/\/kvarner.wine\/en\/wp-json\/wp\/v2\/posts\/1\/revisions\/328"}],"wp:featuredmedia":[{"embeddable":true,"href":"https:\/\/kvarner.wine\/en\/wp-json\/wp\/v2\/media\/327"}],"wp:attachment":[{"href":"https:\/\/kvarner.wine\/en\/wp-json\/wp\/v2\/media?parent=1"}],"wp:term":[{"taxonomy":"category","embeddable":true,"href":"https:\/\/kvarner.wine\/en\/wp-json\/wp\/v2\/categories?post=1"},{"taxonomy":"post_tag","embeddable":true,"href":"https:\/\/kvarner.wine\/en\/wp-json\/wp\/v2\/tags?post=1"}],"curies":[{"name":"wp","href":"https:\/\/api.w.org\/{rel}","templated":true}]}}